{"id":272,"date":"2026-02-26T12:41:26","date_gmt":"2026-02-26T15:41:26","guid":{"rendered":"https:\/\/www.colegiomagister.cl\/?p=272"},"modified":"2026-03-09T19:52:50","modified_gmt":"2026-03-09T22:52:50","slug":"inicio-del-ano-escolar-2026","status":"publish","type":"post","link":"https:\/\/www.colegiomagister.cl\/?p=272","title":{"rendered":"Inicio del A\u00f1o Escolar 2026"},"content":{"rendered":"\n<p><\/p>\n\n\n\n<p>Estimada Comunidad Escolar, <\/p>\n\n\n\n<p>Las clases inician el d\u00eda <strong>Mi\u00e9rcoles 4 de Marzo a las 8:00 am<\/strong> la jornada de la ma\u00f1ana y a las <strong>14:15<\/strong> la jornada de la tarde.<\/p>\n\n\n\n<p>LA SALIDA EN LA <strong>JORNADA DE LA MA\u00d1ANA ES A LAS 12:00 HRS<\/strong>. Y  LA <strong>JORNADA DE LA TARDE A LAS 17:30<\/strong>  HASTA EL DIA VIERNES 6 DE MARZO.<\/p>\n\n\n\n<p>EL PRE-KINDER LA JORNADA ES DE 9:00  A 11:00 HRS.  <\/p>\n\n\n\n<p>EL KINDER LA JORNADA ES DE 14:15 A 16:30 HRS.<\/p>\n\n\n\n<p><\/p>\n\n\n\n<p>Saluda cordialmente,<\/p>\n\n\n\n<p>La Direcci\u00f3n.<\/p>\n\n\n\n<p><\/p>\n\n\n\n<p><\/p>\n\n\n\n<p><\/p>\n","protected":false},"excerpt":{"rendered":"<p>Estimada Comunidad Escolar, Las clases inician el d\u00eda Mi\u00e9rcoles 4 de Marzo a las 8:00 am la jornada de la ma\u00f1ana y a las 14:15 la jornada de la tarde. LA SALIDA EN LA JORNADA DE LA MA\u00d1ANA ES A LAS 12:00 HRS. Y LA JORNADA DE LA TARDE A LAS 17:30 HASTA EL DIA [&hellip;]<\/p>\n","protected":false},"author":1,"featured_media":0,"comment_status":"open","ping_status":"open","sticky":false,"template":"","format":"standard","meta":{"footnotes":""},"categories":[1],"tags":[],"class_list":["post-272","post","type-post","status-publish","format-standard","hentry","category-sin-categoria"],"gutentor_comment":0,"_links":{"self":[{"href":"https:\/\/www.colegiomagister.cl\/index.php?rest_route=\/wp\/v2\/posts\/272","targetHints":{"allow":["GET"]}}],"collection":[{"href":"https:\/\/www.colegiomagister.cl\/index.php?rest_route=\/wp\/v2\/posts"}],"about":[{"href":"https:\/\/www.colegiomagister.cl\/index.php?rest_route=\/wp\/v2\/types\/post"}],"author":[{"embeddable":true,"href":"https:\/\/www.colegiomagister.cl\/index.php?rest_route=\/wp\/v2\/users\/1"}],"replies":[{"embeddable":true,"href":"https:\/\/www.colegiomagister.cl\/index.php?rest_route=%2Fwp%2Fv2%2Fcomments&post=272"}],"version-history":[{"count":3,"href":"https:\/\/www.colegiomagister.cl\/index.php?rest_route=\/wp\/v2\/posts\/272\/revisions"}],"predecessor-version":[{"id":276,"href":"https:\/\/www.colegiomagister.cl\/index.php?rest_route=\/wp\/v2\/posts\/272\/revisions\/276"}],"wp:attachment":[{"href":"https:\/\/www.colegiomagister.cl\/index.php?rest_route=%2Fwp%2Fv2%2Fmedia&parent=272"}],"wp:term":[{"taxonomy":"category","embeddable":true,"href":"https:\/\/www.colegiomagister.cl\/index.php?rest_route=%2Fwp%2Fv2%2Fcategories&post=272"},{"taxonomy":"post_tag","embeddable":true,"href":"https:\/\/www.colegiomagister.cl\/index.php?rest_route=%2Fwp%2Fv2%2Ftags&post=272"}],"curies":[{"name":"wp","href":"https:\/\/api.w.org\/{rel}","templated":true}]}}